{"id":775,"date":"2026-06-03T23:17:29","date_gmt":"2026-06-03T21:17:29","guid":{"rendered":"https:\/\/escuelanacionaldelenguajecorporal.com\/?p=775"},"modified":"2026-06-03T23:17:30","modified_gmt":"2026-06-03T21:17:30","slug":"morfopsicologia-criminal-el-analisis-facial-completo-de-charles-manson-y-la-mente-de-la-familia","status":"publish","type":"post","link":"https:\/\/escuelanacionaldelenguajecorporal.com\/index.php\/morfopsicologia-criminal-el-analisis-facial-completo-de-charles-manson-y-la-mente-de-la-familia\/inicio\/","title":{"rendered":"Morfopsicolog\u00eda Criminal: El An\u00e1lisis Facial Completo de Charles Manson y la Mente de la \u00abFamilia\u00bb"},"content":{"rendered":"\n<p class=\"wp-block-paragraph\">En agosto de 1969, los cimientos de la sociedad estadounidense se sacudieron de forma irreversible. Charles Manson, un exconvicto y m\u00fasico frustrado, orquest\u00f3 una serie de brutales asesinatos en Los \u00c1ngeles, California. Entre las v\u00edctimas se encontraba la actriz Sharon Tate, embarazada de ocho meses y medio, y varias personas m\u00e1s en su residencia de Cielo Drive, seguidas por el matrimonio LaBianca la noche posterior. Estos cr\u00edmenes no solo conmocionaron a la naci\u00f3n por su ferocidad, sino que pusieron de manifiesto el lado m\u00e1s oscuro y dist\u00f3pico del movimiento contracultural y <em>hippie<\/em> de los a\u00f1os sesenta. Hoy hablaremos sobre la Morfopsicolog\u00eda Criminal, analizando la mente de Charles Manson.<\/p>\n\n\n\n<p class=\"wp-block-paragraph\">M\u00e1s all\u00e1 de la cr\u00f3nica negra y los archivos del FBI, la figura de Manson sigue despertando una pregunta inc\u00f3moda en la criminolog\u00eda moderna y la psicolog\u00eda conductual: <strong>\u00bfC\u00f3mo logr\u00f3 un hombre de apenas 1,57 metros de estatura subyugar las voluntades de decenas de j\u00f3venes de clase media hasta convertirlos en asesinos despiadados?<\/strong><\/p>\n\n\n\n<p class=\"wp-block-paragraph\">Para responder a esto, la psicolog\u00eda recurre a test de personalidad y perfiles psiqui\u00e1tricos. Sin embargo, existe una disciplina anal\u00edtica complementaria que ofrece respuestas visuales a trav\u00e9s de la conexi\u00f3n entre la biolog\u00eda, las vivencias y el reflejo som\u00e1tico: <strong>la morfopsicolog\u00eda<\/strong>. A trav\u00e9s del estudio biotipol\u00f3gico de las estructuras \u00f3seas y musculares del rostro de Charles Manson, podemos desglosar los mecanismos de su paranoia, su frialdad afectiva y su capacidad hipn\u00f3tica de manipulaci\u00f3n.<\/p>\n\n\n\n<figure class=\"wp-block-embed is-type-wp-embed is-provider-escuela-nacional-de-lenguaje-corporal wp-block-embed-escuela-nacional-de-lenguaje-corporal\"><div class=\"wp-block-embed__wrapper\">\n<blockquote class=\"wp-embedded-content\" data-secret=\"zYdzHyam6a\"><a href=\"https:\/\/escuelanacionaldelenguajecorporal.com\/index.php\/el-espectro-de-la-depredacion-wade-wilson-vs-ted-bundy\/inicio\/\">El Espectro de la Depredaci\u00f3n: Wade Wilson vs. Ted Bundy<\/a><\/blockquote><iframe class=\"wp-embedded-content lazyload\" sandbox=\"allow-scripts\" security=\"restricted\" style=\"position: absolute; visibility: hidden;\" title=\"\u00abEl Espectro de la Depredaci\u00f3n: Wade Wilson vs. Ted Bundy\u00bb \u2014 Escuela Nacional de Lenguaje Corporal\" data-src=\"https:\/\/escuelanacionaldelenguajecorporal.com\/index.php\/el-espectro-de-la-depredacion-wade-wilson-vs-ted-bundy\/inicio\/embed\/#?secret=vmhaN7pxoG#?secret=zYdzHyam6a\" data-secret=\"zYdzHyam6a\" width=\"500\" height=\"282\" frameborder=\"0\" marginwidth=\"0\" marginheight=\"0\" scrolling=\"no\" src=\"data:image\/svg+xml;base64,PHN2ZyB3aWR0aD0iMSIgaGVpZ2h0PSIxIiB4bWxucz0iaHR0cDovL3d3dy53My5vcmcvMjAwMC9zdmciPjwvc3ZnPg==\" data-load-mode=\"0\"><\/iframe>\n<\/div><\/figure>\n\n\n\n<div id=\"ez-toc-container\" class=\"ez-toc-v2_0_87 counter-hierarchy ez-toc-counter ez-toc-grey ez-toc-container-direction\">\n<div class=\"ez-toc-title-container\">\n<p class=\"ez-toc-title\" style=\"cursor:inherit\">Contenido<\/p>\n<span class=\"ez-toc-title-toggle\"><a href=\"#\" class=\"ez-toc-pull-right ez-toc-btn ez-toc-btn-xs ez-toc-btn-default ez-toc-toggle\" aria-label=\"Alternar tabla de contenidos\"><span class=\"ez-toc-js-icon-con\"><span class=\"\"><span class=\"eztoc-hide\" style=\"display:none;\">Toggle<\/span><span class=\"ez-toc-icon-toggle-span\"><svg style=\"fill: #999;color:#999\" xmlns=\"http:\/\/www.w3.org\/2000\/svg\" class=\"list-377408\" width=\"20px\" height=\"20px\" viewBox=\"0 0 24 24\" fill=\"none\"><path d=\"M6 6H4v2h2V6zm14 0H8v2h12V6zM4 11h2v2H4v-2zm16 0H8v2h12v-2zM4 16h2v2H4v-2zm16 0H8v2h12v-2z\" fill=\"currentColor\"><\/path><\/svg><svg style=\"fill: #999;color:#999\" class=\"arrow-unsorted-368013\" xmlns=\"http:\/\/www.w3.org\/2000\/svg\" width=\"10px\" height=\"10px\" viewBox=\"0 0 24 24\" version=\"1.2\" baseProfile=\"tiny\"><path d=\"M18.2 9.3l-6.2-6.3-6.2 6.3c-.2.2-.3.4-.3.7s.1.5.3.7c.2.2.4.3.7.3h11c.3 0 .5-.1.7-.3.2-.2.3-.5.3-.7s-.1-.5-.3-.7zM5.8 14.7l6.2 6.3 6.2-6.3c.2-.2.3-.5.3-.7s-.1-.5-.3-.7c-.2-.2-.4-.3-.7-.3h-11c-.3 0-.5.1-.7.3-.2.2-.3.5-.3.7s.1.5.3.7z\"\/><\/svg><\/span><\/span><\/span><\/a><\/span><\/div>\n<nav><ul class='ez-toc-list ez-toc-list-level-1 ' ><ul class='ez-toc-list-level-2' ><li class='ez-toc-heading-level-2'><a class=\"ez-toc-link ez-toc-heading-1\" href=\"https:\/\/escuelanacionaldelenguajecorporal.com\/index.php\/morfopsicologia-criminal-el-analisis-facial-completo-de-charles-manson-y-la-mente-de-la-familia\/inicio\/#%C2%BFQue_es_la_Morfopsicologia_y_como_se_aplica_a_la_Criminologia\" >\u00bfQu\u00e9 es la Morfopsicolog\u00eda y c\u00f3mo se aplica a la Criminolog\u00eda?<\/a><\/li><li class='ez-toc-page-1 ez-toc-heading-level-2'><a class=\"ez-toc-link ez-toc-heading-2\" href=\"https:\/\/escuelanacionaldelenguajecorporal.com\/index.php\/morfopsicologia-criminal-el-analisis-facial-completo-de-charles-manson-y-la-mente-de-la-familia\/inicio\/#1_El_Marco_Estructura_Osea_El_Conflicto_entre_el_Yo_Interior_y_la_Realidad\" >1. El Marco (Estructura \u00d3sea): El Conflicto entre el Yo Interior y la Realidad<\/a><ul class='ez-toc-list-level-3' ><li class='ez-toc-heading-level-3'><a class=\"ez-toc-link ez-toc-heading-3\" href=\"https:\/\/escuelanacionaldelenguajecorporal.com\/index.php\/morfopsicologia-criminal-el-analisis-facial-completo-de-charles-manson-y-la-mente-de-la-familia\/inicio\/#Las_consecuencias_de_la_estrechez_facial_en_Manson\" >Las consecuencias de la estrechez facial en Manson:<\/a><\/li><\/ul><\/li><li class='ez-toc-page-1 ez-toc-heading-level-2'><a class=\"ez-toc-link ez-toc-heading-4\" href=\"https:\/\/escuelanacionaldelenguajecorporal.com\/index.php\/morfopsicologia-criminal-el-analisis-facial-completo-de-charles-manson-y-la-mente-de-la-familia\/inicio\/#2_La_Zona_Intelectual_Frente_y_Ojos_El_Filtro_Paranoide_y_la_Mirada_Hipnotica\" >2. La Zona Intelectual (Frente y Ojos): El Filtro Paranoide y la Mirada Hipn\u00f3tica<\/a><ul class='ez-toc-list-level-3' ><li class='ez-toc-heading-level-3'><a class=\"ez-toc-link ez-toc-heading-5\" href=\"https:\/\/escuelanacionaldelenguajecorporal.com\/index.php\/morfopsicologia-criminal-el-analisis-facial-completo-de-charles-manson-y-la-mente-de-la-familia\/inicio\/#La_Frente_Tension_y_Racionalizacion_del_Delirio\" >La Frente: Tensi\u00f3n y Racionalizaci\u00f3n del Delirio<\/a><\/li><li class='ez-toc-page-1 ez-toc-heading-level-3'><a class=\"ez-toc-link ez-toc-heading-6\" href=\"https:\/\/escuelanacionaldelenguajecorporal.com\/index.php\/morfopsicologia-criminal-el-analisis-facial-completo-de-charles-manson-y-la-mente-de-la-familia\/inicio\/#Los_Ojos_La_Ventana_de_la_Sumision_Colectiva\" >Los Ojos: La Ventana de la Sumisi\u00f3n Colectiva<\/a><\/li><\/ul><\/li><li class='ez-toc-page-1 ez-toc-heading-level-2'><a class=\"ez-toc-link ez-toc-heading-7\" href=\"https:\/\/escuelanacionaldelenguajecorporal.com\/index.php\/morfopsicologia-criminal-el-analisis-facial-completo-de-charles-manson-y-la-mente-de-la-familia\/inicio\/#3_La_Zona_Afectiva_Pomulos_y_Mejillas_La_Ausencia_de_Empatia\" >3. La Zona Afectiva (P\u00f3mulos y Mejillas): La Ausencia de Empat\u00eda<\/a><ul class='ez-toc-list-level-3' ><li class='ez-toc-heading-level-3'><a class=\"ez-toc-link ez-toc-heading-8\" href=\"https:\/\/escuelanacionaldelenguajecorporal.com\/index.php\/morfopsicologia-criminal-el-analisis-facial-completo-de-charles-manson-y-la-mente-de-la-familia\/inicio\/#Mejillas_Hundidas_o_Retraccion_Lateral\" >Mejillas Hundidas o Retracci\u00f3n Lateral<\/a><\/li><li class='ez-toc-page-1 ez-toc-heading-level-3'><a class=\"ez-toc-link ez-toc-heading-9\" href=\"https:\/\/escuelanacionaldelenguajecorporal.com\/index.php\/morfopsicologia-criminal-el-analisis-facial-completo-de-charles-manson-y-la-mente-de-la-familia\/inicio\/#Pomulos_Salientes_El_Modo_de_Combate_Permanente\" >P\u00f3mulos Salientes: El Modo de Combate Permanente<\/a><\/li><\/ul><\/li><li class='ez-toc-page-1 ez-toc-heading-level-2'><a class=\"ez-toc-link ez-toc-heading-10\" href=\"https:\/\/escuelanacionaldelenguajecorporal.com\/index.php\/morfopsicologia-criminal-el-analisis-facial-completo-de-charles-manson-y-la-mente-de-la-familia\/inicio\/#4_La_Zona_Instintiva_Mandibula_y_Boca_Resistencia_Terrenal_y_Palabras_como_Armas\" >4. La Zona Instintiva (Mand\u00edbula y Boca): Resistencia Terrenal y Palabras como Armas<\/a><ul class='ez-toc-list-level-3' ><li class='ez-toc-heading-level-3'><a class=\"ez-toc-link ez-toc-heading-11\" href=\"https:\/\/escuelanacionaldelenguajecorporal.com\/index.php\/morfopsicologia-criminal-el-analisis-facial-completo-de-charles-manson-y-la-mente-de-la-familia\/inicio\/#Una_Mandibula_Angulosa_en_un_Cuerpo_Escualido\" >Una Mand\u00edbula Angulosa en un Cuerpo Escu\u00e1lido<\/a><\/li><li class='ez-toc-page-1 ez-toc-heading-level-3'><a class=\"ez-toc-link ez-toc-heading-12\" href=\"https:\/\/escuelanacionaldelenguajecorporal.com\/index.php\/morfopsicologia-criminal-el-analisis-facial-completo-de-charles-manson-y-la-mente-de-la-familia\/inicio\/#La_Boca_El_Labio_Fino_de_la_Critica_Mordaz\" >La Boca: El Labio Fino de la Cr\u00edtica Mordaz<\/a><\/li><\/ul><\/li><li class='ez-toc-page-1 ez-toc-heading-level-2'><a class=\"ez-toc-link ez-toc-heading-13\" href=\"https:\/\/escuelanacionaldelenguajecorporal.com\/index.php\/morfopsicologia-criminal-el-analisis-facial-completo-de-charles-manson-y-la-mente-de-la-familia\/inicio\/#5_El_Modelado_Facial_El_Rostro_Atormentado_y_la_Dualidad_Psiquica\" >5. El Modelado Facial: El Rostro Atormentado y la Dualidad Ps\u00edquica<\/a><ul class='ez-toc-list-level-3' ><li class='ez-toc-heading-level-3'><a class=\"ez-toc-link ez-toc-heading-14\" href=\"https:\/\/escuelanacionaldelenguajecorporal.com\/index.php\/morfopsicologia-criminal-el-analisis-facial-completo-de-charles-manson-y-la-mente-de-la-familia\/inicio\/#Significado_del_Modelado_Atormentado\" >Significado del Modelado Atormentado:<\/a><\/li><li class='ez-toc-page-1 ez-toc-heading-level-3'><a class=\"ez-toc-link ez-toc-heading-15\" href=\"https:\/\/escuelanacionaldelenguajecorporal.com\/index.php\/morfopsicologia-criminal-el-analisis-facial-completo-de-charles-manson-y-la-mente-de-la-familia\/inicio\/#Las_Asimetrias_Faciales_y_la_Doble_Personalidad\" >Las Asimetr\u00edas Faciales y la Doble Personalidad<\/a><\/li><\/ul><\/li><li class='ez-toc-page-1 ez-toc-heading-level-2'><a class=\"ez-toc-link ez-toc-heading-16\" href=\"https:\/\/escuelanacionaldelenguajecorporal.com\/index.php\/morfopsicologia-criminal-el-analisis-facial-completo-de-charles-manson-y-la-mente-de-la-familia\/inicio\/#Cuadro_Comparativo_Caracteristicas_Morfopsicologicas_de_Charles_Manson\" >Cuadro Comparativo: Caracter\u00edsticas Morfopsicol\u00f3gicas de Charles Manson<\/a><\/li><li class='ez-toc-page-1 ez-toc-heading-level-2'><a class=\"ez-toc-link ez-toc-heading-17\" href=\"https:\/\/escuelanacionaldelenguajecorporal.com\/index.php\/morfopsicologia-criminal-el-analisis-facial-completo-de-charles-manson-y-la-mente-de-la-familia\/inicio\/#Conclusion_El_Rostro_como_Testigo_de_la_Historia_Criminal\" >Conclusi\u00f3n: El Rostro como Testigo de la Historia Criminal<\/a><\/li><li class='ez-toc-page-1 ez-toc-heading-level-2'><a class=\"ez-toc-link ez-toc-heading-18\" href=\"https:\/\/escuelanacionaldelenguajecorporal.com\/index.php\/morfopsicologia-criminal-el-analisis-facial-completo-de-charles-manson-y-la-mente-de-la-familia\/inicio\/#Preguntas_Frecuentes_FAQ_sobre_Morfopsicologia_Criminal\" >Preguntas Frecuentes (FAQ) sobre Morfopsicolog\u00eda Criminal<\/a><ul class='ez-toc-list-level-3' ><li class='ez-toc-heading-level-3'><a class=\"ez-toc-link ez-toc-heading-19\" href=\"https:\/\/escuelanacionaldelenguajecorporal.com\/index.php\/morfopsicologia-criminal-el-analisis-facial-completo-de-charles-manson-y-la-mente-de-la-familia\/inicio\/#%C2%BFLa_morfopsicologia_puede_predecir_si_una_persona_se_convertira_en_un_asesino\" >\u00bfLa morfopsicolog\u00eda puede predecir si una persona se convertir\u00e1 en un asesino?<\/a><\/li><li class='ez-toc-page-1 ez-toc-heading-level-3'><a class=\"ez-toc-link ez-toc-heading-20\" href=\"https:\/\/escuelanacionaldelenguajecorporal.com\/index.php\/morfopsicologia-criminal-el-analisis-facial-completo-de-charles-manson-y-la-mente-de-la-familia\/inicio\/#%C2%BFQue_diferencia_hay_entre_la_morfopsicologia_y_la_frenologia_de_Lombroso\" >\u00bfQu\u00e9 diferencia hay entre la morfopsicolog\u00eda y la frenolog\u00eda de Lombroso?<\/a><\/li><li class='ez-toc-page-1 ez-toc-heading-level-3'><a class=\"ez-toc-link ez-toc-heading-21\" href=\"https:\/\/escuelanacionaldelenguajecorporal.com\/index.php\/morfopsicologia-criminal-el-analisis-facial-completo-de-charles-manson-y-la-mente-de-la-familia\/inicio\/#%C2%BFPor_que_la_mirada_de_Charles_Manson_parecia_hipnotica\" >\u00bfPor qu\u00e9 la mirada de Charles Manson parec\u00eda hipn\u00f3tica?<\/a><\/li><\/ul><\/li><\/ul><\/li><li class='ez-toc-page-1 ez-toc-heading-level-1'><a class=\"ez-toc-link ez-toc-heading-22\" href=\"https:\/\/escuelanacionaldelenguajecorporal.com\/index.php\/morfopsicologia-criminal-el-analisis-facial-completo-de-charles-manson-y-la-mente-de-la-familia\/inicio\/#Autoria\" >Autor\u00eda<\/a><\/li><\/ul><\/nav><\/div>\n<h2 class=\"wp-block-heading\"><span class=\"ez-toc-section\" id=\"%C2%BFQue_es_la_Morfopsicologia_y_como_se_aplica_a_la_Criminologia\"><\/span>\u00bfQu\u00e9 es la Morfopsicolog\u00eda y c\u00f3mo se aplica a la Criminolog\u00eda?<span class=\"ez-toc-section-end\"><\/span><\/h2>\n\n\n\n<p class=\"wp-block-paragraph\">Antes de adentrarnos en las facciones de Manson, es fundamental establecer el marco cient\u00edfico y metodol\u00f3gico. La morfopsicolog\u00eda, fundamentada en los estudios del psiquiatra franc\u00e9s Louis Corman en 1937, postula que el rostro humano es el reflejo de la evoluci\u00f3n de la personalidad y las fuerzas vitales del individuo.<\/p>\n\n\n\n<p class=\"wp-block-paragraph\">No debe confundirse con la frenolog\u00eda decimon\u00f3nica de Cesare Lombroso (que buscaba un \u00abcriminal nato\u00bb por la forma del cr\u00e1neo). La morfopsicolog\u00eda moderna es din\u00e1mica: analiza c\u00f3mo las experiencias de vida, los traumas y las fijaciones psicol\u00f3gicas modelan los m\u00fasculos faciales, las l\u00edneas de tensi\u00f3n y el desarrollo de las zonas del rostro.<\/p>\n\n\n\n<p class=\"wp-block-paragraph\">En el \u00e1mbito de la psicolog\u00eda forense y la perfilaci\u00f3n criminal, el an\u00e1lisis del rostro ayuda a comprender dos fuerzas principales:<\/p>\n\n\n\n<ul class=\"wp-block-list\">\n<li><strong>Fuerzas de Expansi\u00f3n:<\/strong> Tendencia al crecimiento, la socializaci\u00f3n, la apertura al mundo y la empat\u00eda.<\/li>\n\n\n\n<li><strong>Fuerzas de Retracci\u00f3n:<\/strong> Tendencia a la defensa, el repliegue sobre uno mismo, el aislamiento y, en casos patol\u00f3gicos, el resentimiento destructivo.<\/li>\n<\/ul>\n\n\n\n<p class=\"wp-block-paragraph\">Al aplicar estas leyes al rostro de Charles Manson, descubrimos un mapa anat\u00f3mico de la desconexi\u00f3n emocional y el mesianismo destructivo.<\/p>\n\n\n\n<h2 class=\"wp-block-heading\"><span class=\"ez-toc-section\" id=\"1_El_Marco_Estructura_Osea_El_Conflicto_entre_el_Yo_Interior_y_la_Realidad\"><\/span>1. El Marco (Estructura \u00d3sea): El Conflicto entre el Yo Interior y la Realidad<span class=\"ez-toc-section-end\"><\/span><\/h2>\n\n\n\n<figure class=\"wp-block-image size-full\"><img decoding=\"async\" width=\"750\" height=\"450\" data-src=\"https:\/\/escuelanacionaldelenguajecorporal.com\/wp-content\/uploads\/2026\/06\/Diseno-sin-titulo-64-1.png\" alt=\"Morfopsicolog\u00eda\" class=\"wp-image-779 lazyload\" data-srcset=\"https:\/\/escuelanacionaldelenguajecorporal.com\/wp-content\/uploads\/2026\/06\/Diseno-sin-titulo-64-1.png 750w, https:\/\/escuelanacionaldelenguajecorporal.com\/wp-content\/uploads\/2026\/06\/Diseno-sin-titulo-64-1-300x180.png 300w\" data-sizes=\"(max-width: 750px) 100vw, 750px\" src=\"data:image\/svg+xml;base64,PHN2ZyB3aWR0aD0iMSIgaGVpZ2h0PSIxIiB4bWxucz0iaHR0cDovL3d3dy53My5vcmcvMjAwMC9zdmciPjwvc3ZnPg==\" style=\"--smush-placeholder-width: 750px; --smush-placeholder-aspect-ratio: 750\/450;\" \/><\/figure>\n\n\n\n<p class=\"wp-block-paragraph\">El marco \u00f3seo de un rostro determina el caudal de energ\u00eda vital de una persona y su capacidad para interactuar con el entorno. Al observar las fotograf\u00edas de filiaci\u00f3n de Charles Manson, lo primero que destaca es un <strong>rostro marcadamente estrecho, alargado y verticalizado<\/strong>.<\/p>\n\n\n\n<p class=\"wp-block-paragraph\">En morfopsicolog\u00eda, la estrechez del marco indica una tipolog\u00eda de <strong>Retracci\u00f3n<\/strong>. Las personas con rostros anchos tienden a la expansi\u00f3n, son pr\u00e1cticas, buscan el contacto social y se adaptan con facilidad al mundo material. Por el contrario, un rostro estrecho como el de Manson denota una vida interior hiperexcitada, hiperactiva y una gran dificultad para adaptarse al mundo real y a las normas sociocomunitarias.<\/p>\n\n\n\n<figure class=\"wp-block-embed is-type-wp-embed is-provider-escuela-nacional-de-lenguaje-corporal wp-block-embed-escuela-nacional-de-lenguaje-corporal\"><div class=\"wp-block-embed__wrapper\">\n<blockquote class=\"wp-embedded-content\" data-secret=\"g7IB8HftBQ\"><a href=\"https:\/\/escuelanacionaldelenguajecorporal.com\/index.php\/la-fisiologia-del-desprecio-el-detalle-oculto-en-la-conducta-de-wade-wilson\/inicio\/\">La fisiolog\u00eda del desprecio: el detalle oculto en la conducta de Wade Wilson<\/a><\/blockquote><iframe class=\"wp-embedded-content lazyload\" sandbox=\"allow-scripts\" security=\"restricted\" style=\"position: absolute; visibility: hidden;\" title=\"\u00abLa fisiolog\u00eda del desprecio: el detalle oculto en la conducta de Wade Wilson\u00bb \u2014 Escuela Nacional de Lenguaje Corporal\" data-src=\"https:\/\/escuelanacionaldelenguajecorporal.com\/index.php\/la-fisiologia-del-desprecio-el-detalle-oculto-en-la-conducta-de-wade-wilson\/inicio\/embed\/#?secret=o5kOH08O78#?secret=g7IB8HftBQ\" data-secret=\"g7IB8HftBQ\" width=\"500\" height=\"282\" frameborder=\"0\" marginwidth=\"0\" marginheight=\"0\" scrolling=\"no\" src=\"data:image\/svg+xml;base64,PHN2ZyB3aWR0aD0iMSIgaGVpZ2h0PSIxIiB4bWxucz0iaHR0cDovL3d3dy53My5vcmcvMjAwMC9zdmciPjwvc3ZnPg==\" data-load-mode=\"0\"><\/iframe>\n<\/div><\/figure>\n\n\n\n<h3 class=\"wp-block-heading\"><span class=\"ez-toc-section\" id=\"Las_consecuencias_de_la_estrechez_facial_en_Manson\"><\/span>Las consecuencias de la estrechez facial en Manson:<span class=\"ez-toc-section-end\"><\/span><\/h3>\n\n\n\n<ul class=\"wp-block-list\">\n<li><strong>Fuga hacia la Fantas\u00eda:<\/strong> Sus energ\u00edas vitales no se dirig\u00edan hacia la construcci\u00f3n social, el trabajo estable o las relaciones interpersonales sanas. Se canalizaban hacia un universo herm\u00e9tico de ideolog\u00edas propias, interpretaciones m\u00edsticas distorsionadas (como su lectura apocal\u00edptica del <em>\u00c1lbum Blanco<\/em> de The Beatles) y teor\u00edas conspirativas.<\/li>\n\n\n\n<li><strong>Resentimiento Acumulado:<\/strong> Al no poder asimilar la realidad exterior ni encajar en ella (tras una infancia de abandono y casi dos d\u00e9cadas entrando y saliendo de reformatorios y prisiones), el sujeto se repliega. El marco estrecho act\u00faa como un dique que concentra la presi\u00f3n; en su caso, esa presi\u00f3n se tradujo en un profundo resentimiento hacia el <em>establishment<\/em> de Hollywood y la sociedad en general.<\/li>\n<\/ul>\n\n\n\n<h2 class=\"wp-block-heading\"><span class=\"ez-toc-section\" id=\"2_La_Zona_Intelectual_Frente_y_Ojos_El_Filtro_Paranoide_y_la_Mirada_Hipnotica\"><\/span>2. La Zona Intelectual (Frente y Ojos): El Filtro Paranoide y la Mirada Hipn\u00f3tica<span class=\"ez-toc-section-end\"><\/span><\/h2>\n\n\n\n<p class=\"wp-block-paragraph\">La morfopsicolog\u00eda divide el rostro en tres pisos o zonas bien diferenciadas: intelectual, afectiva e instintiva. La zona superior o intelectual (que abarca desde el nacimiento del cabello hasta las cejas) nos habla de la forma en que el individuo procesa la informaci\u00f3n, sus ideas abstractas y su percepci\u00f3n del entorno.<\/p>\n\n\n\n<h3 class=\"wp-block-heading\"><span class=\"ez-toc-section\" id=\"La_Frente_Tension_y_Racionalizacion_del_Delirio\"><\/span>La Frente: Tensi\u00f3n y Racionalizaci\u00f3n del Delirio<span class=\"ez-toc-section-end\"><\/span><\/h3>\n\n\n\n<p class=\"wp-block-paragraph\">La frente de Charles Manson era alta, lo que demuestra una capacidad mental innegable para la conceptualizaci\u00f3n y la planificaci\u00f3n abstracta. Sin embargo, la caracter\u00edstica m\u00e1s relevante de su zona superior era que se encontraba <strong>constantemente surcada por arrugas de tensi\u00f3n horizontales y contracciones en el entrecejo<\/strong>.<\/p>\n\n\n\n<p class=\"wp-block-paragraph\">Estas marcas no eran producto exclusivo de la edad; eran el reflejo som\u00e1tico de una mente que nunca descansaba, en perpetuo estado de alerta. Manson utilizaba su intelecto para justificar racionalmente sus delirios de grandeza (la guerra racial que denomin\u00f3 <em>Helter Skelter<\/em>). No actuaba por impulsos puramente ca\u00f3ticos; hab\u00eda un andamiaje ideol\u00f3gico meticulosamente construido en su mente.<\/p>\n\n\n\n<figure class=\"wp-block-image size-full\"><img decoding=\"async\" width=\"750\" height=\"450\" data-src=\"https:\/\/escuelanacionaldelenguajecorporal.com\/wp-content\/uploads\/2026\/06\/Diseno-sin-titulo-63-1.png\" alt=\"Morfopsicolog\u00eda\" class=\"wp-image-778 lazyload\" data-srcset=\"https:\/\/escuelanacionaldelenguajecorporal.com\/wp-content\/uploads\/2026\/06\/Diseno-sin-titulo-63-1.png 750w, https:\/\/escuelanacionaldelenguajecorporal.com\/wp-content\/uploads\/2026\/06\/Diseno-sin-titulo-63-1-300x180.png 300w\" data-sizes=\"(max-width: 750px) 100vw, 750px\" src=\"data:image\/svg+xml;base64,PHN2ZyB3aWR0aD0iMSIgaGVpZ2h0PSIxIiB4bWxucz0iaHR0cDovL3d3dy53My5vcmcvMjAwMC9zdmciPjwvc3ZnPg==\" style=\"--smush-placeholder-width: 750px; --smush-placeholder-aspect-ratio: 750\/450;\" \/><\/figure>\n\n\n\n<h3 class=\"wp-block-heading\"><span class=\"ez-toc-section\" id=\"Los_Ojos_La_Ventana_de_la_Sumision_Colectiva\"><\/span>Los Ojos: La Ventana de la Sumisi\u00f3n Colectiva<span class=\"ez-toc-section-end\"><\/span><\/h3>\n\n\n\n<p class=\"wp-block-paragraph\">Si hay un rasgo que ha quedado grabado en la cultura popular y los archivos policiales, es la mirada de Manson. Ten\u00eda ojos grandes, muy abiertos, con las pupilas frecuentemente dilatadas y una fijaci\u00f3n casi inm\u00f3vil.<\/p>\n\n\n\n<p class=\"wp-block-paragraph\">En la disciplina morfopsicol\u00f3gica, unos ojos con este nivel de apertura e intensidad se catalogan como una <strong>\u00abapertura receptiva\u00bb extrema<\/strong>. Esto significa que Manson:<\/p>\n\n\n\n<ol start=\"1\" class=\"wp-block-list\">\n<li><strong>Absorb\u00eda todo de su entorno:<\/strong> Ten\u00eda una sensibilidad hiperdesarrollada para captar las debilidades, inseguridades y deseos de las personas que se le acercaban, especialmente j\u00f3venes vulnerables de la \u00e9poca.<\/li>\n\n\n\n<li><strong>Carec\u00eda de filtros de protecci\u00f3n:<\/strong> Al recibir los est\u00edmulos del exterior de forma tan directa, su mente los procesaba a trav\u00e9s del tamiz de su propia paranoia. Para \u00e9l, el mundo exterior era una amenaza constante, lo que justificaba un ataque preventivo.<\/li>\n\n\n\n<li><strong>Proyecci\u00f3n de Intensidad:<\/strong> Esa mirada fija no permit\u00eda el di\u00e1logo; subyugaba. Era el canal principal de su magnetismo personal. Al sostener la mirada de forma prolongada, generaba un efecto de desestabilizaci\u00f3n psicol\u00f3gica en sus interlocutores, una t\u00e9cnica cl\u00e1sica de manipulaci\u00f3n coercitiva que utilizaba para anular el sentido cr\u00edtico de los miembros de la \u00abFamilia\u00bb.<\/li>\n<\/ol>\n\n\n\n<h2 class=\"wp-block-heading\"><span class=\"ez-toc-section\" id=\"3_La_Zona_Afectiva_Pomulos_y_Mejillas_La_Ausencia_de_Empatia\"><\/span>3. La Zona Afectiva (P\u00f3mulos y Mejillas): La Ausencia de Empat\u00eda<span class=\"ez-toc-section-end\"><\/span><\/h2>\n\n\n\n<p class=\"wp-block-paragraph\">La zona media del rostro (desde las cejas hasta la base de la nariz) gestiona la vida emocional, los sentimientos, las relaciones afectivas y la capacidad de empatizar con el sufrimiento o la alegr\u00eda de los dem\u00e1s. En este segmento es donde encontramos las se\u00f1ales morfopsicol\u00f3gicas m\u00e1s alarmantes de la estructura psicop\u00e1tica de Manson.<\/p>\n\n\n\n<h3 class=\"wp-block-heading\"><span class=\"ez-toc-section\" id=\"Mejillas_Hundidas_o_Retraccion_Lateral\"><\/span>Mejillas Hundidas o Retracci\u00f3n Lateral<span class=\"ez-toc-section-end\"><\/span><\/h3>\n\n\n\n<p class=\"wp-block-paragraph\">Al observar los p\u00f3mulos y las mejillas de Manson, resalta una <strong>extrema delgadez y un hundimiento severo<\/strong> de los tejidos musculares (lo que en morfopsicolog\u00eda se conoce como <em>retracci\u00f3n lateral<\/em> o <em>rostro abollado<\/em> en la zona media).<\/p>\n\n\n\n<p class=\"wp-block-paragraph\">Morfopsicol\u00f3gicamente, unas mejillas llenas y carnosas indican calidez, receptividad afectiva, b\u00fasqueda de armon\u00eda y empat\u00eda natural. Por el contrario, el hundimiento dr\u00e1stico de esta zona es un indicador cl\u00ednico de:<\/p>\n\n\n\n<ul class=\"wp-block-list\">\n<li><strong>Frialdad afectiva absoluta:<\/strong> Una desconexi\u00f3n emocional profunda con el pr\u00f3jimo. Manson no experimentaba el apego ni el amor de la manera convencional.<\/li>\n\n\n\n<li><strong>Instrumentalizaci\u00f3n del otro:<\/strong> Al carecer de resonancia afectiva, las personas no eran seres humanos con derechos o sentimientos ante sus ojos; eran meros instrumentos u objetos utilizables para alcanzar sus fines (venganza, notoriedad, control).<\/li>\n<\/ul>\n\n\n\n<blockquote class=\"wp-block-quote is-layout-flow wp-block-quote-is-layout-flow\">\n<p class=\"wp-block-paragraph\"><strong>Nota de Criminolog\u00eda Forense:<\/strong> Esta desconexi\u00f3n explica por qu\u00e9 Manson nunca necesit\u00f3 estar presente en la escena de los cr\u00edmenes de Cielo Drive para ejecutarlos. Su frialdad afectiva le permit\u00eda enviar a sus seguidores a masacrar a personas inocentes \u2014incluyendo a una mujer embarazada que suplicaba por su vida\u2014 como quien mueve piezas en un tablero de ajedrez, sin experimentar el m\u00e1s m\u00ednimo remordimiento.<\/p>\n<\/blockquote>\n\n\n\n<h3 class=\"wp-block-heading\"><span class=\"ez-toc-section\" id=\"Pomulos_Salientes_El_Modo_de_Combate_Permanente\"><\/span>P\u00f3mulos Salientes: El Modo de Combate Permanente<span class=\"ez-toc-section-end\"><\/span><\/h3>\n\n\n\n<p class=\"wp-block-paragraph\">En contraste con las mejillas hundidas, sus p\u00f3mulos eran \u00f3seos y salientes. Los p\u00f3mulos representan la fuerza de proyecci\u00f3n del plano afectivo. Unos p\u00f3mulos salientes en un rostro retra\u00eddo denotan una <strong>actitud de ataque y defensa constante contra el mundo exterior<\/strong>. Manson sent\u00eda que la sociedad le deb\u00eda algo y que la mejor defensa era una ofensiva agresiva. Sus relaciones interpersonales no se basaban en la cooperaci\u00f3n, sino en la dominaci\u00f3n o el sometimiento.<\/p>\n\n\n\n<h2 class=\"wp-block-heading\"><span class=\"ez-toc-section\" id=\"4_La_Zona_Instintiva_Mandibula_y_Boca_Resistencia_Terrenal_y_Palabras_como_Armas\"><\/span>4. La Zona Instintiva (Mand\u00edbula y Boca): Resistencia Terrenal y Palabras como Armas<span class=\"ez-toc-section-end\"><\/span><\/h2>\n\n\n\n<p class=\"wp-block-paragraph\">El piso inferior del rostro (desde la base de la nariz hasta el ment\u00f3n) representa la zona instintiva, material y motriz. Nos habla de la fuerza f\u00edsica, la resistencia, los impulsos primarios (supervivencia, sexualidad, alimentaci\u00f3n) y la capacidad de concretar las ideas en el plano real.<\/p>\n\n\n\n<figure class=\"wp-block-image size-full\"><img decoding=\"async\" width=\"750\" height=\"450\" data-src=\"https:\/\/escuelanacionaldelenguajecorporal.com\/wp-content\/uploads\/2026\/06\/Diseno-sin-titulo-62.png\" alt=\"Morfopsicolog\u00eda\" class=\"wp-image-777 lazyload\" data-srcset=\"https:\/\/escuelanacionaldelenguajecorporal.com\/wp-content\/uploads\/2026\/06\/Diseno-sin-titulo-62.png 750w, https:\/\/escuelanacionaldelenguajecorporal.com\/wp-content\/uploads\/2026\/06\/Diseno-sin-titulo-62-300x180.png 300w\" data-sizes=\"(max-width: 750px) 100vw, 750px\" src=\"data:image\/svg+xml;base64,PHN2ZyB3aWR0aD0iMSIgaGVpZ2h0PSIxIiB4bWxucz0iaHR0cDovL3d3dy53My5vcmcvMjAwMC9zdmciPjwvc3ZnPg==\" style=\"--smush-placeholder-width: 750px; --smush-placeholder-aspect-ratio: 750\/450;\" \/><\/figure>\n\n\n\n<figure class=\"wp-block-embed is-type-wp-embed is-provider-escuela-nacional-de-lenguaje-corporal wp-block-embed-escuela-nacional-de-lenguaje-corporal\"><div class=\"wp-block-embed__wrapper\">\n<blockquote class=\"wp-embedded-content\" data-secret=\"f5BaP1xvsG\"><a href=\"https:\/\/escuelanacionaldelenguajecorporal.com\/index.php\/la-psicopatia-del-encanto-analisis-de-la-mascara-de-cordura-de-ted-bundy\/inicio\/\">La Psicopat\u00eda del Encanto: An\u00e1lisis de la M\u00e1scara de Cordura de Ted Bundy<\/a><\/blockquote><iframe class=\"wp-embedded-content lazyload\" sandbox=\"allow-scripts\" security=\"restricted\" style=\"position: absolute; visibility: hidden;\" title=\"\u00abLa Psicopat\u00eda del Encanto: An\u00e1lisis de la M\u00e1scara de Cordura de Ted Bundy\u00bb \u2014 Escuela Nacional de Lenguaje Corporal\" data-src=\"https:\/\/escuelanacionaldelenguajecorporal.com\/index.php\/la-psicopatia-del-encanto-analisis-de-la-mascara-de-cordura-de-ted-bundy\/inicio\/embed\/#?secret=vRMzwkir9A#?secret=f5BaP1xvsG\" data-secret=\"f5BaP1xvsG\" width=\"500\" height=\"282\" frameborder=\"0\" marginwidth=\"0\" marginheight=\"0\" scrolling=\"no\" src=\"data:image\/svg+xml;base64,PHN2ZyB3aWR0aD0iMSIgaGVpZ2h0PSIxIiB4bWxucz0iaHR0cDovL3d3dy53My5vcmcvMjAwMC9zdmciPjwvc3ZnPg==\" data-load-mode=\"0\"><\/iframe>\n<\/div><\/figure>\n\n\n\n<h3 class=\"wp-block-heading\"><span class=\"ez-toc-section\" id=\"Una_Mandibula_Angulosa_en_un_Cuerpo_Escualido\"><\/span>Una Mand\u00edbula Angulosa en un Cuerpo Escu\u00e1lido<span class=\"ez-toc-section-end\"><\/span><\/h3>\n\n\n\n<p class=\"wp-block-paragraph\">F\u00edsicamente, Charles Manson era un hombre de complexi\u00f3n peque\u00f1a y delgada. Sin embargo, su estructura mandibular romp\u00eda con esa fragilidad aparente. Su mand\u00edbula era <strong>angulosa, marcada y presentaba una tensi\u00f3n muscular isom\u00e9trica constante<\/strong>.<\/p>\n\n\n\n<p class=\"wp-block-paragraph\">Este rasgo es caracter\u00edstico de una <strong>voluntad r\u00edgida y una resiliencia extrema ante la adversidad f\u00edsica o material<\/strong>. No olvidemos que Manson pas\u00f3 m\u00e1s de la mitad de su vida en instituciones correccionales y prisiones antes de 1967. Esa mand\u00edbula es el reflejo som\u00e1tico del prisionero que ha aprendido a resistir, a no doblegarse ante el castigo f\u00edsico y a mantener una postura de dureza inquebrantable. Esta resistencia f\u00edsica y psicol\u00f3gica le otorgaba una aureola de \u00abinvulnerabilidad\u00bb ante sus j\u00f3venes seguidores, quienes lo ve\u00edan como un l\u00edder espiritual capaz de soportar cualquier privaci\u00f3n.<\/p>\n\n\n\n<h3 class=\"wp-block-heading\"><span class=\"ez-toc-section\" id=\"La_Boca_El_Labio_Fino_de_la_Critica_Mordaz\"><\/span>La Boca: El Labio Fino de la Cr\u00edtica Mordaz<span class=\"ez-toc-section-end\"><\/span><\/h3>\n\n\n\n<p class=\"wp-block-paragraph\">La boca de Manson, aunque frecuentemente cubierta por una barba descuidada (s\u00edmbolo de su rechazo a las convenciones est\u00e9ticas de la sociedad limpia), se caracterizaba por tener <strong>labios delgados, lineales y fuertemente apretados<\/strong>.<\/p>\n\n\n\n<p class=\"wp-block-paragraph\">En morfopsicolog\u00eda, los labios carnosos se asocian con la sensualidad, la extroversi\u00f3n y el disfrute de los placeres sensoriales compartidos. Los labios finos y apretados, en cambio, indican:<\/p>\n\n\n\n<ul class=\"wp-block-list\">\n<li><strong>Control estricto de la expresi\u00f3n:<\/strong> Manson calculaba el impacto de sus palabras. Sab\u00eda cu\u00e1ndo hablar con un tono prof\u00e9tico y cu\u00e1ndo usar el silencio para generar tensi\u00f3n.<\/li>\n\n\n\n<li><strong>Personalidad mordaz y cr\u00edtica:<\/strong> Pose\u00eda una gran agudeza verbal que utilizaba para diseccionar las debilidades de la sociedad burguesa, atrayendo as\u00ed a j\u00f3venes alienados que odiaban el estilo de vida de sus padres. Sus discursos eran dardos dial\u00e9cticos dise\u00f1ados para sembrar el caos y destruir estructuras psicol\u00f3gicas previas en sus adeptos.<\/li>\n<\/ul>\n\n\n\n<h2 class=\"wp-block-heading\"><span class=\"ez-toc-section\" id=\"5_El_Modelado_Facial_El_Rostro_Atormentado_y_la_Dualidad_Psiquica\"><\/span>5. El Modelado Facial: El Rostro Atormentado y la Dualidad Ps\u00edquica<span class=\"ez-toc-section-end\"><\/span><\/h2>\n\n\n\n<p class=\"wp-block-paragraph\">El \u00faltimo pilar del an\u00e1lisis morfopsicol\u00f3gico es el <strong>modelado<\/strong>, es decir, el relieve general del rostro, si las transiciones entre las zonas son suaves (rostro arm\u00f3nico o plano) o si presentan relieves abruptos, hendiduras y asimetr\u00edas.<\/p>\n\n\n\n<p class=\"wp-block-paragraph\">El rostro de Charles Manson presentaba un modelado n\u00edtidamente <strong>\u00abatormentado\u00bb o \u00ababollado\u00bb<\/strong>. Su cara no era lisa ni sim\u00e9trica; estaba llena de irregularidades \u00f3seas, hundimientos repentinos y protuberancias.<\/p>\n\n\n\n<figure class=\"wp-block-image size-full\"><img decoding=\"async\" width=\"750\" height=\"450\" data-src=\"https:\/\/escuelanacionaldelenguajecorporal.com\/wp-content\/uploads\/2026\/06\/Diseno-sin-titulo-61-1.png\" alt=\"Morfopsicolog\u00eda\" class=\"wp-image-776 lazyload\" data-srcset=\"https:\/\/escuelanacionaldelenguajecorporal.com\/wp-content\/uploads\/2026\/06\/Diseno-sin-titulo-61-1.png 750w, https:\/\/escuelanacionaldelenguajecorporal.com\/wp-content\/uploads\/2026\/06\/Diseno-sin-titulo-61-1-300x180.png 300w\" data-sizes=\"(max-width: 750px) 100vw, 750px\" src=\"data:image\/svg+xml;base64,PHN2ZyB3aWR0aD0iMSIgaGVpZ2h0PSIxIiB4bWxucz0iaHR0cDovL3d3dy53My5vcmcvMjAwMC9zdmciPjwvc3ZnPg==\" style=\"--smush-placeholder-width: 750px; --smush-placeholder-aspect-ratio: 750\/450;\" \/><\/figure>\n\n\n\n<h3 class=\"wp-block-heading\"><span class=\"ez-toc-section\" id=\"Significado_del_Modelado_Atormentado\"><\/span>Significado del Modelado Atormentado:<span class=\"ez-toc-section-end\"><\/span><\/h3>\n\n\n\n<ul class=\"wp-block-list\">\n<li><strong>Conflicto Interno Permanente:<\/strong> Este tipo de relieve refleja una psique en guerra consigo misma. Manson nunca fue un l\u00edder sereno; era un volc\u00e1n de neurosis, complejos de inferioridad y brotes paranoides. Su relieve facial muestra que viv\u00eda en un estado de sufrimiento interno que proyectaba hacia el exterior en forma de violencia delegada.<\/li>\n\n\n\n<li><strong>Incapacidad para la Homeostasis:<\/strong> No pod\u00eda encontrar un equilibrio con el entorno. Cada relieve abrupto en su rostro marcaba un punto de fricci\u00f3n entre sus deseos megal\u00f3manos y sus profundas carencias reales.<\/li>\n<\/ul>\n\n\n\n<h3 class=\"wp-block-heading\"><span class=\"ez-toc-section\" id=\"Las_Asimetrias_Faciales_y_la_Doble_Personalidad\"><\/span>Las Asimetr\u00edas Faciales y la Doble Personalidad<span class=\"ez-toc-section-end\"><\/span><\/h3>\n\n\n\n<p class=\"wp-block-paragraph\">Si dividimos verticalmente una fotograf\u00eda del rostro de Manson, la asimetr\u00eda entre el lado izquierdo y el derecho es notable. Las asimetr\u00edas marcadas representan una <strong>dualidad profunda en la personalidad<\/strong>.<\/p>\n\n\n\n<p class=\"wp-block-paragraph\">En su caso, esta dualidad se manifestaba en su capacidad para transmutar su identidad seg\u00fan las necesidades del momento:<\/p>\n\n\n\n<ul class=\"wp-block-list\">\n<li>Por un lado, mostraba la faceta del <strong>\u00abprofeta\u00bb pac\u00edfico, m\u00fasico m\u00edstico y defensor de la libertad<\/strong> que atra\u00eda a las comunas <em>hippies<\/em> de San Francisco.<\/li>\n\n\n\n<li>Por el otro, se ocultaba el <strong>criminal soci\u00f3pata, resentido social y s\u00e1dico psicol\u00f3gico<\/strong> que dise\u00f1aba masacres para acelerar un apocalipsis b\u00edblico-racial.<\/li>\n<\/ul>\n\n\n\n<h2 class=\"wp-block-heading\"><span class=\"ez-toc-section\" id=\"Cuadro_Comparativo_Caracteristicas_Morfopsicologicas_de_Charles_Manson\"><\/span>Cuadro Comparativo: Caracter\u00edsticas Morfopsicol\u00f3gicas de Charles Manson<span class=\"ez-toc-section-end\"><\/span><\/h2>\n\n\n\n<p class=\"wp-block-paragraph\">Para entender la correlaci\u00f3n directa entre sus facciones y sus rasgos criminales, evaluemos el siguiente desglose anal\u00edtico:<\/p>\n\n\n\n<figure class=\"wp-block-table\"><table class=\"has-ast-global-color-8-color has-ast-global-color-6-background-color has-text-color has-background has-link-color has-fixed-layout\"><thead><tr><td><strong>Zona Facial<\/strong><\/td><td><strong>Rasgo Anat\u00f3mico Espec\u00edfico<\/strong><\/td><td><strong>Interpretaci\u00f3n Morfopsicol\u00f3gica<\/strong><\/td><td><strong>Correlaci\u00f3n Conductual (Caso Manson)<\/strong><\/td><\/tr><\/thead><tbody><tr><td><strong>Marco \u00d3seo<\/strong><\/td><td>Rostro estrecho y alargado<\/td><td>Retracci\u00f3n vital, concentraci\u00f3n interior extrema.<\/td><td>Incapacidad de adaptaci\u00f3n social, fuga a fantas\u00edas delirantes (<em>Helter Skelter<\/em>).<\/td><\/tr><tr><td><strong>Zona Superior<\/strong><\/td><td>Frente alta con arrugas de tensi\u00f3n constantes<\/td><td>Intelecto activo pero estresado, hipervigilancia.<\/td><td>Racionalizaci\u00f3n y estructuraci\u00f3n de teor\u00edas conspirativas y control mental.<\/td><\/tr><tr><td><strong>Ojos<\/strong><\/td><td>Grandes, desorbitados, mirada fija e hipn\u00f3tica<\/td><td>Apertura receptiva sin filtros protectores.<\/td><td>Captaci\u00f3n de vulnerabilidades ajenas, proyecci\u00f3n de poder e inducci\u00f3n al trance.<\/td><\/tr><tr><td><strong>Zona Media<\/strong><\/td><td>Mejillas profundamente hundidas<\/td><td>Retracci\u00f3n lateral afectiva, atrofia de la empat\u00eda.<\/td><td>Frialdad emocional absoluta; instrumentalizaci\u00f3n de sus seguidores y v\u00edctimas.<\/td><\/tr><tr><td><strong>P\u00f3mulos<\/strong><\/td><td>Salientes, angulosos y marcados<\/td><td>Actitud defensiva y de ataque hacia el entorno.<\/td><td>Resentimiento profundo contra la sociedad y necesidad de dominaci\u00f3n interpersonal.<\/td><\/tr><tr><td><strong>Zona Inferior<\/strong><\/td><td>Mand\u00edbula \u00f3sea, tensa y angular<\/td><td>Voluntad r\u00edgida, alta resistencia a la frustraci\u00f3n y al dolor.<\/td><td>Fortaleza psicol\u00f3gica moldeada por a\u00f1os de prisi\u00f3n; liderazgo autoritario indomable.<\/td><\/tr><tr><td><strong>Boca<\/strong><\/td><td>Labios finos, lineales y apretados<\/td><td>Control verbal, hermetismo, propensi\u00f3n al sarcasmo.<\/td><td>Uso estrat\u00e9gico de la oratoria manipuladora para alienar y adoctrinar j\u00f3venes.<\/td><\/tr><tr><td><strong>Relieve<\/strong><\/td><td>Modelado facial \u00abatormentado\u00bb o \u00ababollado\u00bb<\/td><td>Conflicto ps\u00edquico interno cr\u00f3nico, dualidad de la personalidad.<\/td><td>Fluctuaci\u00f3n entre el l\u00edder espiritual seductor y el soci\u00f3pata con deseos de destrucci\u00f3n total.<\/td><\/tr><\/tbody><\/table><\/figure>\n\n\n\n<h2 class=\"wp-block-heading\"><span class=\"ez-toc-section\" id=\"Conclusion_El_Rostro_como_Testigo_de_la_Historia_Criminal\"><\/span>Conclusi\u00f3n: El Rostro como Testigo de la Historia Criminal<span class=\"ez-toc-section-end\"><\/span><\/h2>\n\n\n\n<p class=\"wp-block-paragraph\">El an\u00e1lisis morfopsicol\u00f3gico de Charles Manson no pretende sustituir las evaluaciones psiqui\u00e1tricas cl\u00ednicas que lo catalogaron como un individuo con trastorno de la personalidad antisocial, rasgos esquizofr\u00e9nicos y delirios de grandeza. Al contrario, <strong>lo complementa de forma visual y emp\u00edrica<\/strong>.<\/p>\n\n\n\n<p class=\"wp-block-paragraph\">El rostro de Manson es un mapa donde quedaron impresas las huellas de una infancia traum\u00e1tica, la dureza del sistema penitenciario y, fundamentalmente, la libre elecci\u00f3n de canalizar su sufrimiento a trav\u00e9s de la manipulaci\u00f3n y la destrucci\u00f3n de vidas humanas. Sus facciones estrechas, su mirada desprovista de filtros racionales sanos, sus mejillas vac\u00edas de empat\u00eda y su mand\u00edbula endurecida en el aislamiento carcelario se combinaron para crear una de las herramientas de manipulaci\u00f3n psicol\u00f3gica m\u00e1s letales del siglo XX.<\/p>\n\n\n\n<p class=\"wp-block-paragraph\">Al estudiar la morfopsicolog\u00eda de estos perfiles, la criminolog\u00eda moderna no busca justificar el crimen, sino descifrar las se\u00f1ales de alarma. El rostro de Charles Manson sigue siendo, casi seis d\u00e9cadas despu\u00e9s, un testimonio som\u00e1tico de c\u00f3mo el resentimiento interiorizado puede moldear la carne hasta convertirla en el vivo reflejo de la manipulaci\u00f3n coercitiva.<\/p>\n\n\n\n<h2 class=\"wp-block-heading\"><span class=\"ez-toc-section\" id=\"Preguntas_Frecuentes_FAQ_sobre_Morfopsicologia_Criminal\"><\/span>Preguntas Frecuentes (FAQ) sobre Morfopsicolog\u00eda Criminal<span class=\"ez-toc-section-end\"><\/span><\/h2>\n\n\n\n<h3 class=\"wp-block-heading\"><span class=\"ez-toc-section\" id=\"%C2%BFLa_morfopsicologia_puede_predecir_si_una_persona_se_convertira_en_un_asesino\"><\/span>\u00bfLa morfopsicolog\u00eda puede predecir si una persona se convertir\u00e1 en un asesino?<span class=\"ez-toc-section-end\"><\/span><\/h3>\n\n\n\n<p class=\"wp-block-paragraph\">No. La morfopsicolog\u00eda no es una ciencia predictiva ni determina el destino criminal de nadie. Analiza tendencias, potenciales biol\u00f3gicos y rasgos de la personalidad (como la falta de empat\u00eda o la impulsividad). Sin embargo, el entorno, la educaci\u00f3n, las decisiones personales y los eventos traum\u00e1ticos son los factores que determinan si esas tendencias se canalizan hacia el crimen o hacia actividades legales.<\/p>\n\n\n\n<h3 class=\"wp-block-heading\"><span class=\"ez-toc-section\" id=\"%C2%BFQue_diferencia_hay_entre_la_morfopsicologia_y_la_frenologia_de_Lombroso\"><\/span>\u00bfQu\u00e9 diferencia hay entre la morfopsicolog\u00eda y la frenolog\u00eda de Lombroso?<span class=\"ez-toc-section-end\"><\/span><\/h3>\n\n\n\n<p class=\"wp-block-paragraph\">La frenolog\u00eda de Cesare Lombroso afirmaba que el crimen era hereditario y que ciertas anomal\u00edas del cr\u00e1neo delataban al \u00abcriminal nato\u00bb de forma fija e inmutable. La morfopsicolog\u00eda de Louis Corman es din\u00e1mica: sostiene que las zonas del rostro cambian y se modelan a lo largo de la vida seg\u00fan los conflictos an\u00edmicos, el uso de la musculatura facial y el desarrollo neurol\u00f3gico del individuo.<\/p>\n\n\n\n<h3 class=\"wp-block-heading\"><span class=\"ez-toc-section\" id=\"%C2%BFPor_que_la_mirada_de_Charles_Manson_parecia_hipnotica\"><\/span>\u00bfPor qu\u00e9 la mirada de Charles Manson parec\u00eda hipn\u00f3tica?<span class=\"ez-toc-section-end\"><\/span><\/h3>\n\n\n\n<p class=\"wp-block-paragraph\">Morfopsicol\u00f3gicamente, la combinaci\u00f3n de una gran apertura ocular (recepci\u00f3n total) con una rigidez muscular en la zona de las cejas (concentraci\u00f3n) generaba una mirada fija que proyectaba una inmensa tensi\u00f3n psicol\u00f3gica. Esto produc\u00eda un efecto de intimidaci\u00f3n y fascinaci\u00f3n en personas sumisas o emocionalmente inestables, facilitando los procesos de lavado de cerebro dentro de su secta.<\/p>\n\n\n\n<div class=\"gb-element-7de3e65a\">\n<div class=\"gb-element-5672becb\">\n<div>\n<p class=\"gb-text gb-text-7b5a0797\"><\/p>\n\n\n\n<h1 class=\"gb-text gb-text-66fba618\"><span class=\"ez-toc-section\" id=\"Autoria\"><\/span>Autor\u00eda<span class=\"ez-toc-section-end\"><\/span><\/h1>\n\n\n\n<p class=\"gb-text gb-text-97a3ea55\">Este an\u00e1lisis profundo ha sido editado y validado t\u00e9cnicamente por el <strong>Prof. Daniel Gonz\u00e1lez<\/strong>, docente de la <em>Escuela Nacional de Lenguaje Corporal<\/em> y <strong>Director de Formaci\u00f3n Internacional en Perfilaci\u00f3n Criminal<\/strong>. Su revisi\u00f3n garantiza el rigor cient\u00edfico en la aplicaci\u00f3n de la biotipolog\u00eda y la morfopsicolog\u00eda forense aplicadas a perfiles de alta peligrosidad, alineando los conceptos morfol\u00f3gicos con los est\u00e1ndares actuales de la criminolog\u00eda conductual internacional.<\/p>\n\n\n\n<div class=\"gb-element-6037f4df\">\n<a class=\"gb-text gb-text-b65242bf\">Leer M\u00e1s<\/a>\n<\/div>\n<\/div>\n\n\n\n<div>\n<figure class=\"wp-block-image size-large\"><img decoding=\"async\" width=\"768\" height=\"1024\" data-src=\"https:\/\/escuelanacionaldelenguajecorporal.com\/wp-content\/uploads\/2026\/04\/WhatsApp-Image-2026-04-02-at-4.51.35-PM-768x1024.jpeg\" alt=\"\" class=\"wp-image-484 lazyload\" data-srcset=\"https:\/\/escuelanacionaldelenguajecorporal.com\/wp-content\/uploads\/2026\/04\/WhatsApp-Image-2026-04-02-at-4.51.35-PM-768x1024.jpeg 768w, https:\/\/escuelanacionaldelenguajecorporal.com\/wp-content\/uploads\/2026\/04\/WhatsApp-Image-2026-04-02-at-4.51.35-PM-225x300.jpeg 225w, https:\/\/escuelanacionaldelenguajecorporal.com\/wp-content\/uploads\/2026\/04\/WhatsApp-Image-2026-04-02-at-4.51.35-PM-1152x1536.jpeg 1152w, https:\/\/escuelanacionaldelenguajecorporal.com\/wp-content\/uploads\/2026\/04\/WhatsApp-Image-2026-04-02-at-4.51.35-PM.jpeg 1536w\" data-sizes=\"(max-width: 768px) 100vw, 768px\" src=\"data:image\/svg+xml;base64,PHN2ZyB3aWR0aD0iMSIgaGVpZ2h0PSIxIiB4bWxucz0iaHR0cDovL3d3dy53My5vcmcvMjAwMC9zdmciPjwvc3ZnPg==\" style=\"--smush-placeholder-width: 768px; --smush-placeholder-aspect-ratio: 768\/1024;\" \/><\/figure>\n<\/div>\n<\/div>\n<\/div>\n","protected":false},"excerpt":{"rendered":"<p>En agosto de 1969, los cimientos de la sociedad estadounidense se sacudieron de forma irreversible. Charles Manson, un exconvicto y [&hellip;]<\/p>\n","protected":false},"author":1,"featured_media":780,"comment_status":"open","ping_status":"open","sticky":false,"template":"","format":"standard","meta":{"site-sidebar-layout":"default","site-content-layout":"","ast-site-content-layout":"default","site-content-style":"default","site-sidebar-style":"default","ast-global-header-display":"","ast-banner-title-visibility":"","ast-main-header-display":"","ast-hfb-above-header-display":"","ast-hfb-below-header-display":"","ast-hfb-mobile-header-display":"","site-post-title":"","ast-breadcrumbs-content":"","ast-featured-img":"","footer-sml-layout":"","ast-disable-related-posts":"","theme-transparent-header-meta":"","adv-header-id-meta":"","stick-header-meta":"","header-above-stick-meta":"","header-main-stick-meta":"","header-below-stick-meta":"","astra-migrate-meta-layouts":"default","ast-page-background-enabled":"default","ast-page-background-meta":{"desktop":{"background-color":"var(--ast-global-color-5)","background-image":"","background-repeat":"repeat","background-position":"center center","background-size":"auto","background-attachment":"scroll","background-type":"","background-media":"","overlay-type":"","overlay-color":"","overlay-opacity":"","overlay-gradient":""},"tablet":{"background-color":"","background-image":"","background-repeat":"repeat","background-position":"center center","background-size":"auto","background-attachment":"scroll","background-type":"","background-media":"","overlay-type":"","overlay-color":"","overlay-opacity":"","overlay-gradient":""},"mobile":{"background-color":"","background-image":"","background-repeat":"repeat","background-position":"center center","background-size":"auto","background-attachment":"scroll","background-type":"","background-media":"","overlay-type":"","overlay-color":"","overlay-opacity":"","overlay-gradient":""}},"ast-content-background-meta":{"desktop":{"background-color":"var(--ast-global-color-4)","background-image":"","background-repeat":"repeat","background-position":"center center","background-size":"auto","background-attachment":"scroll","background-type":"","background-media":"","overlay-type":"","overlay-color":"","overlay-opacity":"","overlay-gradient":""},"tablet":{"background-color":"var(--ast-global-color-4)","background-image":"","background-repeat":"repeat","background-position":"center center","background-size":"auto","background-attachment":"scroll","background-type":"","background-media":"","overlay-type":"","overlay-color":"","overlay-opacity":"","overlay-gradient":""},"mobile":{"background-color":"var(--ast-global-color-4)","background-image":"","background-repeat":"repeat","background-position":"center center","background-size":"auto","background-attachment":"scroll","background-type":"","background-media":"","overlay-type":"","overlay-color":"","overlay-opacity":"","overlay-gradient":""}},"footnotes":""},"categories":[6],"tags":[],"class_list":["post-775","post","type-post","status-publish","format-standard","has-post-thumbnail","hentry","category-inicio"],"yoast_head":"<!-- This site is optimized with the Yoast SEO plugin v28.3 - https:\/\/yoast.com\/product\/yoast-seo-wordpress\/ -->\n<title>Morfopsicolog\u00eda Criminal: El An\u00e1lisis Facial Completo de Charles Manson y la Mente de la &quot;Familia&quot; - Escuela Nacional de Lenguaje Corporal<\/title>\n<meta name=\"description\" content=\"An\u00e1lisis de Morfopsicolog\u00eda criminal de Charles Manson, editado por Daniel Gonz\u00e1lez (Director de Perfilaci\u00f3n Criminal). Descubre el rostro del ma\" \/>\n<meta name=\"robots\" content=\"index, follow, max-snippet:-1, max-image-preview:large, max-video-preview:-1\" \/>\n<link rel=\"canonical\" href=\"https:\/\/escuelanacionaldelenguajecorporal.com\/index.php\/morfopsicologia-criminal-el-analisis-facial-completo-de-charles-manson-y-la-mente-de-la-familia\/inicio\/\" \/>\n<meta property=\"og:locale\" content=\"es_ES\" \/>\n<meta property=\"og:type\" content=\"article\" \/>\n<meta property=\"og:title\" content=\"Morfopsicolog\u00eda Criminal: El An\u00e1lisis Facial Completo de Charles Manson y la Mente de la &quot;Familia&quot; - Escuela Nacional de Lenguaje Corporal\" \/>\n<meta property=\"og:description\" content=\"An\u00e1lisis de Morfopsicolog\u00eda criminal de Charles Manson, editado por Daniel Gonz\u00e1lez (Director de Perfilaci\u00f3n Criminal). Descubre el rostro del ma\" \/>\n<meta property=\"og:url\" content=\"https:\/\/escuelanacionaldelenguajecorporal.com\/index.php\/morfopsicologia-criminal-el-analisis-facial-completo-de-charles-manson-y-la-mente-de-la-familia\/inicio\/\" \/>\n<meta property=\"og:site_name\" content=\"Escuela Nacional de Lenguaje Corporal\" \/>\n<meta property=\"article:published_time\" content=\"2026-06-03T21:17:29+00:00\" \/>\n<meta property=\"article:modified_time\" content=\"2026-06-03T21:17:30+00:00\" \/>\n<meta property=\"og:image\" content=\"https:\/\/escuelanacionaldelenguajecorporal.com\/wp-content\/uploads\/2026\/06\/Diseno-sin-titulo-65-1.png\" \/>\n\t<meta property=\"og:image:width\" content=\"1200\" \/>\n\t<meta property=\"og:image:height\" content=\"750\" \/>\n\t<meta property=\"og:image:type\" content=\"image\/png\" \/>\n<meta name=\"author\" content=\"admin\" \/>\n<meta name=\"twitter:card\" content=\"summary_large_image\" \/>\n<meta name=\"twitter:label1\" content=\"Escrito por\" \/>\n\t<meta name=\"twitter:data1\" content=\"admin\" \/>\n\t<meta name=\"twitter:label2\" content=\"Tiempo de lectura\" \/>\n\t<meta name=\"twitter:data2\" content=\"14 minutos\" \/>\n<script type=\"application\/ld+json\" class=\"yoast-schema-graph\">{\"@context\":\"https:\\\/\\\/schema.org\",\"@graph\":[{\"@type\":\"Article\",\"@id\":\"https:\\\/\\\/escuelanacionaldelenguajecorporal.com\\\/index.php\\\/morfopsicologia-criminal-el-analisis-facial-completo-de-charles-manson-y-la-mente-de-la-familia\\\/inicio\\\/#article\",\"isPartOf\":{\"@id\":\"https:\\\/\\\/escuelanacionaldelenguajecorporal.com\\\/index.php\\\/morfopsicologia-criminal-el-analisis-facial-completo-de-charles-manson-y-la-mente-de-la-familia\\\/inicio\\\/\"},\"author\":{\"name\":\"admin\",\"@id\":\"https:\\\/\\\/escuelanacionaldelenguajecorporal.com\\\/#\\\/schema\\\/person\\\/74b1fd49dd4c2073061ee361813c20c2\"},\"headline\":\"Morfopsicolog\u00eda Criminal: El An\u00e1lisis Facial Completo de Charles Manson y la Mente de la \u00abFamilia\u00bb\",\"datePublished\":\"2026-06-03T21:17:29+00:00\",\"dateModified\":\"2026-06-03T21:17:30+00:00\",\"mainEntityOfPage\":{\"@id\":\"https:\\\/\\\/escuelanacionaldelenguajecorporal.com\\\/index.php\\\/morfopsicologia-criminal-el-analisis-facial-completo-de-charles-manson-y-la-mente-de-la-familia\\\/inicio\\\/\"},\"wordCount\":3036,\"commentCount\":0,\"publisher\":{\"@id\":\"https:\\\/\\\/escuelanacionaldelenguajecorporal.com\\\/#organization\"},\"image\":{\"@id\":\"https:\\\/\\\/escuelanacionaldelenguajecorporal.com\\\/index.php\\\/morfopsicologia-criminal-el-analisis-facial-completo-de-charles-manson-y-la-mente-de-la-familia\\\/inicio\\\/#primaryimage\"},\"thumbnailUrl\":\"https:\\\/\\\/escuelanacionaldelenguajecorporal.com\\\/wp-content\\\/uploads\\\/2026\\\/06\\\/Diseno-sin-titulo-65-1.png\",\"articleSection\":[\"Inicio\"],\"inLanguage\":\"es\",\"potentialAction\":[{\"@type\":\"CommentAction\",\"name\":\"Comment\",\"target\":[\"https:\\\/\\\/escuelanacionaldelenguajecorporal.com\\\/index.php\\\/morfopsicologia-criminal-el-analisis-facial-completo-de-charles-manson-y-la-mente-de-la-familia\\\/inicio\\\/#respond\"]}]},{\"@type\":\"WebPage\",\"@id\":\"https:\\\/\\\/escuelanacionaldelenguajecorporal.com\\\/index.php\\\/morfopsicologia-criminal-el-analisis-facial-completo-de-charles-manson-y-la-mente-de-la-familia\\\/inicio\\\/\",\"url\":\"https:\\\/\\\/escuelanacionaldelenguajecorporal.com\\\/index.php\\\/morfopsicologia-criminal-el-analisis-facial-completo-de-charles-manson-y-la-mente-de-la-familia\\\/inicio\\\/\",\"name\":\"Morfopsicolog\u00eda Criminal: El An\u00e1lisis Facial Completo de Charles Manson y la Mente de la \\\"Familia\\\" - Escuela Nacional de Lenguaje Corporal\",\"isPartOf\":{\"@id\":\"https:\\\/\\\/escuelanacionaldelenguajecorporal.com\\\/#website\"},\"primaryImageOfPage\":{\"@id\":\"https:\\\/\\\/escuelanacionaldelenguajecorporal.com\\\/index.php\\\/morfopsicologia-criminal-el-analisis-facial-completo-de-charles-manson-y-la-mente-de-la-familia\\\/inicio\\\/#primaryimage\"},\"image\":{\"@id\":\"https:\\\/\\\/escuelanacionaldelenguajecorporal.com\\\/index.php\\\/morfopsicologia-criminal-el-analisis-facial-completo-de-charles-manson-y-la-mente-de-la-familia\\\/inicio\\\/#primaryimage\"},\"thumbnailUrl\":\"https:\\\/\\\/escuelanacionaldelenguajecorporal.com\\\/wp-content\\\/uploads\\\/2026\\\/06\\\/Diseno-sin-titulo-65-1.png\",\"datePublished\":\"2026-06-03T21:17:29+00:00\",\"dateModified\":\"2026-06-03T21:17:30+00:00\",\"description\":\"An\u00e1lisis de Morfopsicolog\u00eda criminal de Charles Manson, editado por Daniel Gonz\u00e1lez (Director de Perfilaci\u00f3n Criminal). Descubre el rostro del ma\",\"breadcrumb\":{\"@id\":\"https:\\\/\\\/escuelanacionaldelenguajecorporal.com\\\/index.php\\\/morfopsicologia-criminal-el-analisis-facial-completo-de-charles-manson-y-la-mente-de-la-familia\\\/inicio\\\/#breadcrumb\"},\"inLanguage\":\"es\",\"potentialAction\":[{\"@type\":\"ReadAction\",\"target\":[\"https:\\\/\\\/escuelanacionaldelenguajecorporal.com\\\/index.php\\\/morfopsicologia-criminal-el-analisis-facial-completo-de-charles-manson-y-la-mente-de-la-familia\\\/inicio\\\/\"]}]},{\"@type\":\"ImageObject\",\"inLanguage\":\"es\",\"@id\":\"https:\\\/\\\/escuelanacionaldelenguajecorporal.com\\\/index.php\\\/morfopsicologia-criminal-el-analisis-facial-completo-de-charles-manson-y-la-mente-de-la-familia\\\/inicio\\\/#primaryimage\",\"url\":\"https:\\\/\\\/escuelanacionaldelenguajecorporal.com\\\/wp-content\\\/uploads\\\/2026\\\/06\\\/Diseno-sin-titulo-65-1.png\",\"contentUrl\":\"https:\\\/\\\/escuelanacionaldelenguajecorporal.com\\\/wp-content\\\/uploads\\\/2026\\\/06\\\/Diseno-sin-titulo-65-1.png\",\"width\":1200,\"height\":750,\"caption\":\"Morfopsicolog\u00eda\"},{\"@type\":\"BreadcrumbList\",\"@id\":\"https:\\\/\\\/escuelanacionaldelenguajecorporal.com\\\/index.php\\\/morfopsicologia-criminal-el-analisis-facial-completo-de-charles-manson-y-la-mente-de-la-familia\\\/inicio\\\/#breadcrumb\",\"itemListElement\":[{\"@type\":\"ListItem\",\"position\":1,\"name\":\"Portada\",\"item\":\"https:\\\/\\\/escuelanacionaldelenguajecorporal.com\\\/\"},{\"@type\":\"ListItem\",\"position\":2,\"name\":\"Morfopsicolog\u00eda Criminal: El An\u00e1lisis Facial Completo de Charles Manson y la Mente de la \u00abFamilia\u00bb\"}]},{\"@type\":\"WebSite\",\"@id\":\"https:\\\/\\\/escuelanacionaldelenguajecorporal.com\\\/#website\",\"url\":\"https:\\\/\\\/escuelanacionaldelenguajecorporal.com\\\/\",\"name\":\"Escuela Nacional de Lenguaje Corporal\",\"description\":\"\",\"publisher\":{\"@id\":\"https:\\\/\\\/escuelanacionaldelenguajecorporal.com\\\/#organization\"},\"potentialAction\":[{\"@type\":\"SearchAction\",\"target\":{\"@type\":\"EntryPoint\",\"urlTemplate\":\"https:\\\/\\\/escuelanacionaldelenguajecorporal.com\\\/?s={search_term_string}\"},\"query-input\":{\"@type\":\"PropertyValueSpecification\",\"valueRequired\":true,\"valueName\":\"search_term_string\"}}],\"inLanguage\":\"es\"},{\"@type\":\"Organization\",\"@id\":\"https:\\\/\\\/escuelanacionaldelenguajecorporal.com\\\/#organization\",\"name\":\"Escuela Nacional de Lenguaje Corporal\",\"url\":\"https:\\\/\\\/escuelanacionaldelenguajecorporal.com\\\/\",\"logo\":{\"@type\":\"ImageObject\",\"inLanguage\":\"es\",\"@id\":\"https:\\\/\\\/escuelanacionaldelenguajecorporal.com\\\/#\\\/schema\\\/logo\\\/image\\\/\",\"url\":\"https:\\\/\\\/escuelanacionaldelenguajecorporal.com\\\/wp-content\\\/uploads\\\/2025\\\/11\\\/IMG_20250911_221748_232_080035-removebg-preview.png\",\"contentUrl\":\"https:\\\/\\\/escuelanacionaldelenguajecorporal.com\\\/wp-content\\\/uploads\\\/2025\\\/11\\\/IMG_20250911_221748_232_080035-removebg-preview.png\",\"width\":500,\"height\":500,\"caption\":\"Escuela Nacional de Lenguaje Corporal\"},\"image\":{\"@id\":\"https:\\\/\\\/escuelanacionaldelenguajecorporal.com\\\/#\\\/schema\\\/logo\\\/image\\\/\"}},{\"@type\":\"Person\",\"@id\":\"https:\\\/\\\/escuelanacionaldelenguajecorporal.com\\\/#\\\/schema\\\/person\\\/74b1fd49dd4c2073061ee361813c20c2\",\"name\":\"admin\",\"image\":{\"@type\":\"ImageObject\",\"inLanguage\":\"es\",\"@id\":\"https:\\\/\\\/escuelanacionaldelenguajecorporal.com\\\/wp-content\\\/litespeed\\\/avatar\\\/70010acb09878c44f1bc2a4032c53320.jpg?ver=1788363924\",\"url\":\"https:\\\/\\\/escuelanacionaldelenguajecorporal.com\\\/wp-content\\\/litespeed\\\/avatar\\\/70010acb09878c44f1bc2a4032c53320.jpg?ver=1788363924\",\"contentUrl\":\"https:\\\/\\\/escuelanacionaldelenguajecorporal.com\\\/wp-content\\\/litespeed\\\/avatar\\\/70010acb09878c44f1bc2a4032c53320.jpg?ver=1788363924\",\"caption\":\"admin\"},\"sameAs\":[\"https:\\\/\\\/escuelanacionaldelenguajecorporal.com\"],\"url\":\"https:\\\/\\\/escuelanacionaldelenguajecorporal.com\\\/index.php\\\/author\\\/admin\\\/\"}]}<\/script>\n<!-- \/ Yoast SEO plugin. -->","yoast_head_json":{"title":"Morfopsicolog\u00eda Criminal: El An\u00e1lisis Facial Completo de Charles Manson y la Mente de la \"Familia\" - Escuela Nacional de Lenguaje Corporal","description":"An\u00e1lisis de Morfopsicolog\u00eda criminal de Charles Manson, editado por Daniel Gonz\u00e1lez (Director de Perfilaci\u00f3n Criminal). Descubre el rostro del ma","robots":{"index":"index","follow":"follow","max-snippet":"max-snippet:-1","max-image-preview":"max-image-preview:large","max-video-preview":"max-video-preview:-1"},"canonical":"https:\/\/escuelanacionaldelenguajecorporal.com\/index.php\/morfopsicologia-criminal-el-analisis-facial-completo-de-charles-manson-y-la-mente-de-la-familia\/inicio\/","og_locale":"es_ES","og_type":"article","og_title":"Morfopsicolog\u00eda Criminal: El An\u00e1lisis Facial Completo de Charles Manson y la Mente de la \"Familia\" - Escuela Nacional de Lenguaje Corporal","og_description":"An\u00e1lisis de Morfopsicolog\u00eda criminal de Charles Manson, editado por Daniel Gonz\u00e1lez (Director de Perfilaci\u00f3n Criminal). Descubre el rostro del ma","og_url":"https:\/\/escuelanacionaldelenguajecorporal.com\/index.php\/morfopsicologia-criminal-el-analisis-facial-completo-de-charles-manson-y-la-mente-de-la-familia\/inicio\/","og_site_name":"Escuela Nacional de Lenguaje Corporal","article_published_time":"2026-06-03T21:17:29+00:00","article_modified_time":"2026-06-03T21:17:30+00:00","og_image":[{"width":1200,"height":750,"url":"https:\/\/escuelanacionaldelenguajecorporal.com\/wp-content\/uploads\/2026\/06\/Diseno-sin-titulo-65-1.png","type":"image\/png"}],"author":"admin","twitter_card":"summary_large_image","twitter_misc":{"Escrito por":"admin","Tiempo de lectura":"14 minutos"},"schema":{"@context":"https:\/\/schema.org","@graph":[{"@type":"Article","@id":"https:\/\/escuelanacionaldelenguajecorporal.com\/index.php\/morfopsicologia-criminal-el-analisis-facial-completo-de-charles-manson-y-la-mente-de-la-familia\/inicio\/#article","isPartOf":{"@id":"https:\/\/escuelanacionaldelenguajecorporal.com\/index.php\/morfopsicologia-criminal-el-analisis-facial-completo-de-charles-manson-y-la-mente-de-la-familia\/inicio\/"},"author":{"name":"admin","@id":"https:\/\/escuelanacionaldelenguajecorporal.com\/#\/schema\/person\/74b1fd49dd4c2073061ee361813c20c2"},"headline":"Morfopsicolog\u00eda Criminal: El An\u00e1lisis Facial Completo de Charles Manson y la Mente de la \u00abFamilia\u00bb","datePublished":"2026-06-03T21:17:29+00:00","dateModified":"2026-06-03T21:17:30+00:00","mainEntityOfPage":{"@id":"https:\/\/escuelanacionaldelenguajecorporal.com\/index.php\/morfopsicologia-criminal-el-analisis-facial-completo-de-charles-manson-y-la-mente-de-la-familia\/inicio\/"},"wordCount":3036,"commentCount":0,"publisher":{"@id":"https:\/\/escuelanacionaldelenguajecorporal.com\/#organization"},"image":{"@id":"https:\/\/escuelanacionaldelenguajecorporal.com\/index.php\/morfopsicologia-criminal-el-analisis-facial-completo-de-charles-manson-y-la-mente-de-la-familia\/inicio\/#primaryimage"},"thumbnailUrl":"https:\/\/escuelanacionaldelenguajecorporal.com\/wp-content\/uploads\/2026\/06\/Diseno-sin-titulo-65-1.png","articleSection":["Inicio"],"inLanguage":"es","potentialAction":[{"@type":"CommentAction","name":"Comment","target":["https:\/\/escuelanacionaldelenguajecorporal.com\/index.php\/morfopsicologia-criminal-el-analisis-facial-completo-de-charles-manson-y-la-mente-de-la-familia\/inicio\/#respond"]}]},{"@type":"WebPage","@id":"https:\/\/escuelanacionaldelenguajecorporal.com\/index.php\/morfopsicologia-criminal-el-analisis-facial-completo-de-charles-manson-y-la-mente-de-la-familia\/inicio\/","url":"https:\/\/escuelanacionaldelenguajecorporal.com\/index.php\/morfopsicologia-criminal-el-analisis-facial-completo-de-charles-manson-y-la-mente-de-la-familia\/inicio\/","name":"Morfopsicolog\u00eda Criminal: El An\u00e1lisis Facial Completo de Charles Manson y la Mente de la \"Familia\" - Escuela Nacional de Lenguaje Corporal","isPartOf":{"@id":"https:\/\/escuelanacionaldelenguajecorporal.com\/#website"},"primaryImageOfPage":{"@id":"https:\/\/escuelanacionaldelenguajecorporal.com\/index.php\/morfopsicologia-criminal-el-analisis-facial-completo-de-charles-manson-y-la-mente-de-la-familia\/inicio\/#primaryimage"},"image":{"@id":"https:\/\/escuelanacionaldelenguajecorporal.com\/index.php\/morfopsicologia-criminal-el-analisis-facial-completo-de-charles-manson-y-la-mente-de-la-familia\/inicio\/#primaryimage"},"thumbnailUrl":"https:\/\/escuelanacionaldelenguajecorporal.com\/wp-content\/uploads\/2026\/06\/Diseno-sin-titulo-65-1.png","datePublished":"2026-06-03T21:17:29+00:00","dateModified":"2026-06-03T21:17:30+00:00","description":"An\u00e1lisis de Morfopsicolog\u00eda criminal de Charles Manson, editado por Daniel Gonz\u00e1lez (Director de Perfilaci\u00f3n Criminal). Descubre el rostro del ma","breadcrumb":{"@id":"https:\/\/escuelanacionaldelenguajecorporal.com\/index.php\/morfopsicologia-criminal-el-analisis-facial-completo-de-charles-manson-y-la-mente-de-la-familia\/inicio\/#breadcrumb"},"inLanguage":"es","potentialAction":[{"@type":"ReadAction","target":["https:\/\/escuelanacionaldelenguajecorporal.com\/index.php\/morfopsicologia-criminal-el-analisis-facial-completo-de-charles-manson-y-la-mente-de-la-familia\/inicio\/"]}]},{"@type":"ImageObject","inLanguage":"es","@id":"https:\/\/escuelanacionaldelenguajecorporal.com\/index.php\/morfopsicologia-criminal-el-analisis-facial-completo-de-charles-manson-y-la-mente-de-la-familia\/inicio\/#primaryimage","url":"https:\/\/escuelanacionaldelenguajecorporal.com\/wp-content\/uploads\/2026\/06\/Diseno-sin-titulo-65-1.png","contentUrl":"https:\/\/escuelanacionaldelenguajecorporal.com\/wp-content\/uploads\/2026\/06\/Diseno-sin-titulo-65-1.png","width":1200,"height":750,"caption":"Morfopsicolog\u00eda"},{"@type":"BreadcrumbList","@id":"https:\/\/escuelanacionaldelenguajecorporal.com\/index.php\/morfopsicologia-criminal-el-analisis-facial-completo-de-charles-manson-y-la-mente-de-la-familia\/inicio\/#breadcrumb","itemListElement":[{"@type":"ListItem","position":1,"name":"Portada","item":"https:\/\/escuelanacionaldelenguajecorporal.com\/"},{"@type":"ListItem","position":2,"name":"Morfopsicolog\u00eda Criminal: El An\u00e1lisis Facial Completo de Charles Manson y la Mente de la \u00abFamilia\u00bb"}]},{"@type":"WebSite","@id":"https:\/\/escuelanacionaldelenguajecorporal.com\/#website","url":"https:\/\/escuelanacionaldelenguajecorporal.com\/","name":"Escuela Nacional de Lenguaje Corporal","description":"","publisher":{"@id":"https:\/\/escuelanacionaldelenguajecorporal.com\/#organization"},"potentialAction":[{"@type":"SearchAction","target":{"@type":"EntryPoint","urlTemplate":"https:\/\/escuelanacionaldelenguajecorporal.com\/?s={search_term_string}"},"query-input":{"@type":"PropertyValueSpecification","valueRequired":true,"valueName":"search_term_string"}}],"inLanguage":"es"},{"@type":"Organization","@id":"https:\/\/escuelanacionaldelenguajecorporal.com\/#organization","name":"Escuela Nacional de Lenguaje Corporal","url":"https:\/\/escuelanacionaldelenguajecorporal.com\/","logo":{"@type":"ImageObject","inLanguage":"es","@id":"https:\/\/escuelanacionaldelenguajecorporal.com\/#\/schema\/logo\/image\/","url":"https:\/\/escuelanacionaldelenguajecorporal.com\/wp-content\/uploads\/2025\/11\/IMG_20250911_221748_232_080035-removebg-preview.png","contentUrl":"https:\/\/escuelanacionaldelenguajecorporal.com\/wp-content\/uploads\/2025\/11\/IMG_20250911_221748_232_080035-removebg-preview.png","width":500,"height":500,"caption":"Escuela Nacional de Lenguaje Corporal"},"image":{"@id":"https:\/\/escuelanacionaldelenguajecorporal.com\/#\/schema\/logo\/image\/"}},{"@type":"Person","@id":"https:\/\/escuelanacionaldelenguajecorporal.com\/#\/schema\/person\/74b1fd49dd4c2073061ee361813c20c2","name":"admin","image":{"@type":"ImageObject","inLanguage":"es","@id":"https:\/\/escuelanacionaldelenguajecorporal.com\/wp-content\/litespeed\/avatar\/70010acb09878c44f1bc2a4032c53320.jpg?ver=1788363924","url":"https:\/\/escuelanacionaldelenguajecorporal.com\/wp-content\/litespeed\/avatar\/70010acb09878c44f1bc2a4032c53320.jpg?ver=1788363924","contentUrl":"https:\/\/escuelanacionaldelenguajecorporal.com\/wp-content\/litespeed\/avatar\/70010acb09878c44f1bc2a4032c53320.jpg?ver=1788363924","caption":"admin"},"sameAs":["https:\/\/escuelanacionaldelenguajecorporal.com"],"url":"https:\/\/escuelanacionaldelenguajecorporal.com\/index.php\/author\/admin\/"}]}},"_links":{"self":[{"href":"https:\/\/escuelanacionaldelenguajecorporal.com\/index.php\/wp-json\/wp\/v2\/posts\/775","targetHints":{"allow":["GET"]}}],"collection":[{"href":"https:\/\/escuelanacionaldelenguajecorporal.com\/index.php\/wp-json\/wp\/v2\/posts"}],"about":[{"href":"https:\/\/escuelanacionaldelenguajecorporal.com\/index.php\/wp-json\/wp\/v2\/types\/post"}],"author":[{"embeddable":true,"href":"https:\/\/escuelanacionaldelenguajecorporal.com\/index.php\/wp-json\/wp\/v2\/users\/1"}],"replies":[{"embeddable":true,"href":"https:\/\/escuelanacionaldelenguajecorporal.com\/index.php\/wp-json\/wp\/v2\/comments?post=775"}],"version-history":[{"count":1,"href":"https:\/\/escuelanacionaldelenguajecorporal.com\/index.php\/wp-json\/wp\/v2\/posts\/775\/revisions"}],"predecessor-version":[{"id":781,"href":"https:\/\/escuelanacionaldelenguajecorporal.com\/index.php\/wp-json\/wp\/v2\/posts\/775\/revisions\/781"}],"wp:featuredmedia":[{"embeddable":true,"href":"https:\/\/escuelanacionaldelenguajecorporal.com\/index.php\/wp-json\/wp\/v2\/media\/780"}],"wp:attachment":[{"href":"https:\/\/escuelanacionaldelenguajecorporal.com\/index.php\/wp-json\/wp\/v2\/media?parent=775"}],"wp:term":[{"taxonomy":"category","embeddable":true,"href":"https:\/\/escuelanacionaldelenguajecorporal.com\/index.php\/wp-json\/wp\/v2\/categories?post=775"},{"taxonomy":"post_tag","embeddable":true,"href":"https:\/\/escuelanacionaldelenguajecorporal.com\/index.php\/wp-json\/wp\/v2\/tags?post=775"}],"curies":[{"name":"wp","href":"https:\/\/api.w.org\/{rel}","templated":true}]}}